{"id":202,"date":"2017-09-15T12:15:37","date_gmt":"2017-09-15T11:15:37","guid":{"rendered":"http:\/\/atelier-libre-oreille.fr\/wordpresswoocommerce\/?p=202"},"modified":"2018-02-10T18:26:50","modified_gmt":"2018-02-10T17:26:50","slug":"fete-automnal-2017","status":"publish","type":"post","link":"https:\/\/atelier-libre-oreille.fr\/wordpresswoocommerce\/fete-automnal-2017\/","title":{"rendered":"F\u00eate Automnal 2017"},"content":{"rendered":"<h3>Samedi 23 septembre 2017<br \/>\n\u00e0 partir de 11h<br \/>\n\u00e0 l\u2019Atelier libre Oreille<br \/>\n87 400 MARVAL<\/h3>\n<p>Avec la participation d\u2019artisans et producteurs locaux et d\u00e9monstrations :<\/p>\n<ul>\n<li>Tournage sur Bois avec Lionel<\/li>\n<li>Tissage avec Donald<\/li>\n<li>Tournage c\u00e9ramique avec bapt\u00eames par Joff Williams<\/li>\n<li>Exposition de Lithographie de Janet Cintas<\/li>\n<li>Plantes et L\u00e9gumes de Gitta &amp; Lucile<\/li>\n<\/ul>\n","protected":false},"excerpt":{"rendered":"<p>Samedi 23 septembre 2017 \u00e0 partir de 11h \u00e0 l\u2019Atelier libre Oreille 87 400 MARVAL Avec la participation d\u2019artisans et producteurs locaux et d\u00e9monstrations : Tournage sur Bois avec Lionel Tissage avec Donald Tournage c\u00e9ramique avec bapt\u00eames par Joff Williams Exposition de Lithographie de Janet Cintas Plantes et L\u00e9gumes de Gitta &amp; Lucile<\/p>\n","protected":false},"author":2,"featured_media":203,"comment_status":"closed","ping_status":"closed","sticky":false,"template":"","format":"standard","meta":[],"categories":[17],"tags":[],"yoast_head":"<!-- This site is optimized with the Yoast SEO plugin v16.6.1 - https:\/\/yoast.com\/wordpress\/plugins\/seo\/ -->\n<meta name=\"robots\" content=\"index, follow, max-snippet:-1, max-image-preview:large, max-video-preview:-1\" \/>\n<link rel=\"canonical\" href=\"https:\/\/atelier-libre-oreille.fr\/wordpresswoocommerce\/fete-automnal-2017\/\" \/>\n<meta property=\"og:locale\" content=\"fr_FR\" \/>\n<meta property=\"og:type\" content=\"article\" \/>\n<meta property=\"og:title\" content=\"F\u00eate Automnal 2017 - Atelier Libre Oreille\" \/>\n<meta property=\"og:description\" content=\"Samedi 23 septembre 2017 \u00e0 partir de 11h \u00e0 l\u2019Atelier libre Oreille 87 400 MARVAL Avec la participation d\u2019artisans et producteurs locaux et d\u00e9monstrations : Tournage sur Bois avec Lionel Tissage avec Donald Tournage c\u00e9ramique avec bapt\u00eames par Joff Williams Exposition de Lithographie de Janet Cintas Plantes et L\u00e9gumes de Gitta &amp; Lucile\" \/>\n<meta property=\"og:url\" content=\"https:\/\/atelier-libre-oreille.fr\/wordpresswoocommerce\/fete-automnal-2017\/\" \/>\n<meta property=\"og:site_name\" content=\"Atelier Libre Oreille\" \/>\n<meta property=\"article:published_time\" content=\"2017-09-15T11:15:37+00:00\" \/>\n<meta property=\"article:modified_time\" content=\"2018-02-10T17:26:50+00:00\" \/>\n<meta property=\"og:image\" content=\"http:\/\/atelier-libre-oreille.fr\/wordpresswoocommerce\/wp-content\/uploads\/2017\/09\/affiche-Joff-sept20117_150.jpg\" \/>\n\t<meta property=\"og:image:width\" content=\"1240\" \/>\n\t<meta property=\"og:image:height\" content=\"1753\" \/>\n<script type=\"application\/ld+json\" class=\"yoast-schema-graph\">{\"@context\":\"https:\/\/schema.org\",\"@graph\":[{\"@type\":\"WebSite\",\"@id\":\"http:\/\/atelier-libre-oreille.fr\/wordpresswoocommerce\/#website\",\"url\":\"http:\/\/atelier-libre-oreille.fr\/wordpresswoocommerce\/\",\"name\":\"Atelier Libre Oreille\",\"description\":\"Chez Joff. Cr\\u00e9ations d&#039;objets d&#039;art c\\u00e9ramique : gr\\u00e9s, porcelaine, raku ...\",\"potentialAction\":[{\"@type\":\"SearchAction\",\"target\":{\"@type\":\"EntryPoint\",\"urlTemplate\":\"http:\/\/atelier-libre-oreille.fr\/wordpresswoocommerce\/?s={search_term_string}\"},\"query-input\":\"required name=search_term_string\"}],\"inLanguage\":\"fr-FR\"},{\"@type\":\"ImageObject\",\"@id\":\"https:\/\/atelier-libre-oreille.fr\/wordpresswoocommerce\/fete-automnal-2017\/#primaryimage\",\"inLanguage\":\"fr-FR\",\"url\":\"https:\/\/atelier-libre-oreille.fr\/wordpresswoocommerce\/wp-content\/uploads\/2017\/09\/affiche-Joff-sept20117_150.jpg\",\"contentUrl\":\"https:\/\/atelier-libre-oreille.fr\/wordpresswoocommerce\/wp-content\/uploads\/2017\/09\/affiche-Joff-sept20117_150.jpg\",\"width\":1240,\"height\":1753,\"caption\":\"F\\u00eate Automnal 2017\"},{\"@type\":\"WebPage\",\"@id\":\"https:\/\/atelier-libre-oreille.fr\/wordpresswoocommerce\/fete-automnal-2017\/#webpage\",\"url\":\"https:\/\/atelier-libre-oreille.fr\/wordpresswoocommerce\/fete-automnal-2017\/\",\"name\":\"F\\u00eate Automnal 2017 - Atelier Libre Oreille\",\"isPartOf\":{\"@id\":\"http:\/\/atelier-libre-oreille.fr\/wordpresswoocommerce\/#website\"},\"primaryImageOfPage\":{\"@id\":\"https:\/\/atelier-libre-oreille.fr\/wordpresswoocommerce\/fete-automnal-2017\/#primaryimage\"},\"datePublished\":\"2017-09-15T11:15:37+00:00\",\"dateModified\":\"2018-02-10T17:26:50+00:00\",\"author\":{\"@id\":\"http:\/\/atelier-libre-oreille.fr\/wordpresswoocommerce\/#\/schema\/person\/3517f76db52819edff741be8451fd13f\"},\"breadcrumb\":{\"@id\":\"https:\/\/atelier-libre-oreille.fr\/wordpresswoocommerce\/fete-automnal-2017\/#breadcrumb\"},\"inLanguage\":\"fr-FR\",\"potentialAction\":[{\"@type\":\"ReadAction\",\"target\":[\"https:\/\/atelier-libre-oreille.fr\/wordpresswoocommerce\/fete-automnal-2017\/\"]}]},{\"@type\":\"BreadcrumbList\",\"@id\":\"https:\/\/atelier-libre-oreille.fr\/wordpresswoocommerce\/fete-automnal-2017\/#breadcrumb\",\"itemListElement\":[{\"@type\":\"ListItem\",\"position\":1,\"name\":\"Accueil\",\"item\":\"http:\/\/atelier-libre-oreille.fr\/wordpresswoocommerce\/\"},{\"@type\":\"ListItem\",\"position\":2,\"name\":\"F\\u00eate Automnal 2017\"}]},{\"@type\":\"Person\",\"@id\":\"http:\/\/atelier-libre-oreille.fr\/wordpresswoocommerce\/#\/schema\/person\/3517f76db52819edff741be8451fd13f\",\"name\":\"St\\u00e9phane Magat\",\"image\":{\"@type\":\"ImageObject\",\"@id\":\"http:\/\/atelier-libre-oreille.fr\/wordpresswoocommerce\/#personlogo\",\"inLanguage\":\"fr-FR\",\"url\":\"https:\/\/secure.gravatar.com\/avatar\/585aff1e7398f4c090b8958dd60e086b?s=96&d=mm&r=g\",\"contentUrl\":\"https:\/\/secure.gravatar.com\/avatar\/585aff1e7398f4c090b8958dd60e086b?s=96&d=mm&r=g\",\"caption\":\"St\\u00e9phane Magat\"},\"sameAs\":[\"http:\/\/magat.net\"],\"url\":\"https:\/\/atelier-libre-oreille.fr\/wordpresswoocommerce\/author\/magatst\/\"}]}<\/script>\n<!-- \/ Yoast SEO plugin. -->","_links":{"self":[{"href":"https:\/\/atelier-libre-oreille.fr\/wordpresswoocommerce\/wp-json\/wp\/v2\/posts\/202"}],"collection":[{"href":"https:\/\/atelier-libre-oreille.fr\/wordpresswoocommerce\/wp-json\/wp\/v2\/posts"}],"about":[{"href":"https:\/\/atelier-libre-oreille.fr\/wordpresswoocommerce\/wp-json\/wp\/v2\/types\/post"}],"author":[{"embeddable":true,"href":"https:\/\/atelier-libre-oreille.fr\/wordpresswoocommerce\/wp-json\/wp\/v2\/users\/2"}],"replies":[{"embeddable":true,"href":"https:\/\/atelier-libre-oreille.fr\/wordpresswoocommerce\/wp-json\/wp\/v2\/comments?post=202"}],"version-history":[{"count":3,"href":"https:\/\/atelier-libre-oreille.fr\/wordpresswoocommerce\/wp-json\/wp\/v2\/posts\/202\/revisions"}],"predecessor-version":[{"id":223,"href":"https:\/\/atelier-libre-oreille.fr\/wordpresswoocommerce\/wp-json\/wp\/v2\/posts\/202\/revisions\/223"}],"wp:featuredmedia":[{"embeddable":true,"href":"https:\/\/atelier-libre-oreille.fr\/wordpresswoocommerce\/wp-json\/wp\/v2\/media\/203"}],"wp:attachment":[{"href":"https:\/\/atelier-libre-oreille.fr\/wordpresswoocommerce\/wp-json\/wp\/v2\/media?parent=202"}],"wp:term":[{"taxonomy":"category","embeddable":true,"href":"https:\/\/atelier-libre-oreille.fr\/wordpresswoocommerce\/wp-json\/wp\/v2\/categories?post=202"},{"taxonomy":"post_tag","embeddable":true,"href":"https:\/\/atelier-libre-oreille.fr\/wordpresswoocommerce\/wp-json\/wp\/v2\/tags?post=202"}],"curies":[{"name":"wp","href":"https:\/\/api.w.org\/{rel}","templated":true}]}}