{"id":206,"date":"2018-02-10T18:03:34","date_gmt":"2018-02-10T17:03:34","guid":{"rendered":"http:\/\/atelier-libre-oreille.fr\/wordpresswoocommerce\/?p=206"},"modified":"2018-02-10T18:25:49","modified_gmt":"2018-02-10T17:25:49","slug":"serie-de-lievres-de-fevrier-ceramique-facon-raku","status":"publish","type":"post","link":"https:\/\/atelier-libre-oreille.fr\/wordpresswoocommerce\/serie-de-lievres-de-fevrier-ceramique-facon-raku\/","title":{"rendered":"S\u00e9rie de li\u00e8vres de f\u00e9vrier en c\u00e9ramique fa\u00e7on raku."},"content":{"rendered":"<p><a href=\"http:\/\/atelier-libre-oreille.fr\/wordpresswoocommerce\/wp-content\/uploads\/2018\/02\/IMG_1916_modifi\u00e9e.jpg\"><img decoding=\"async\" loading=\"lazy\" class=\"alignleft size-full wp-image-215\" src=\"http:\/\/atelier-libre-oreille.fr\/wordpresswoocommerce\/wp-content\/uploads\/2018\/02\/IMG_1916_modifi\u00e9e.jpg\" alt=\"\" width=\"800\" height=\"578\" srcset=\"https:\/\/atelier-libre-oreille.fr\/wordpresswoocommerce\/wp-content\/uploads\/2018\/02\/IMG_1916_modifi\u00e9e.jpg 800w, https:\/\/atelier-libre-oreille.fr\/wordpresswoocommerce\/wp-content\/uploads\/2018\/02\/IMG_1916_modifi\u00e9e-300x217.jpg 300w, https:\/\/atelier-libre-oreille.fr\/wordpresswoocommerce\/wp-content\/uploads\/2018\/02\/IMG_1916_modifi\u00e9e-768x555.jpg 768w\" sizes=\"(max-width: 800px) 100vw, 800px\" \/><\/a><a href=\"http:\/\/atelier-libre-oreille.fr\/wordpresswoocommerce\/wp-content\/uploads\/2018\/02\/IMG_1814_modifi\u00e9e.jpg\"><img decoding=\"async\" loading=\"lazy\" class=\"alignleft wp-image-211\" src=\"http:\/\/atelier-libre-oreille.fr\/wordpresswoocommerce\/wp-content\/uploads\/2018\/02\/IMG_1814_modifi\u00e9e.jpg\" alt=\"\" width=\"400\" height=\"554\" srcset=\"https:\/\/atelier-libre-oreille.fr\/wordpresswoocommerce\/wp-content\/uploads\/2018\/02\/IMG_1814_modifi\u00e9e.jpg 578w, https:\/\/atelier-libre-oreille.fr\/wordpresswoocommerce\/wp-content\/uploads\/2018\/02\/IMG_1814_modifi\u00e9e-217x300.jpg 217w\" sizes=\"(max-width: 400px) 100vw, 400px\" \/><\/a><a href=\"http:\/\/atelier-libre-oreille.fr\/wordpresswoocommerce\/wp-content\/uploads\/2018\/02\/IMG_1854_modifi\u00e9e.jpg\"><img decoding=\"async\" loading=\"lazy\" class=\"alignleft size-full wp-image-207\" src=\"http:\/\/atelier-libre-oreille.fr\/wordpresswoocommerce\/wp-content\/uploads\/2018\/02\/IMG_1854_modifi\u00e9e.jpg\" alt=\"\" width=\"800\" height=\"578\" srcset=\"https:\/\/atelier-libre-oreille.fr\/wordpresswoocommerce\/wp-content\/uploads\/2018\/02\/IMG_1854_modifi\u00e9e.jpg 800w, https:\/\/atelier-libre-oreille.fr\/wordpresswoocommerce\/wp-content\/uploads\/2018\/02\/IMG_1854_modifi\u00e9e-300x217.jpg 300w, https:\/\/atelier-libre-oreille.fr\/wordpresswoocommerce\/wp-content\/uploads\/2018\/02\/IMG_1854_modifi\u00e9e-768x555.jpg 768w\" sizes=\"(max-width: 800px) 100vw, 800px\" \/><\/a><\/p>\n","protected":false},"excerpt":{"rendered":"","protected":false},"author":3,"featured_media":0,"comment_status":"closed","ping_status":"closed","sticky":false,"template":"","format":"aside","meta":[],"categories":[17],"tags":[],"yoast_head":"<!-- This site is optimized with the Yoast SEO plugin v16.6.1 - https:\/\/yoast.com\/wordpress\/plugins\/seo\/ -->\n<meta name=\"robots\" content=\"index, follow, max-snippet:-1, max-image-preview:large, max-video-preview:-1\" \/>\n<link rel=\"canonical\" href=\"https:\/\/atelier-libre-oreille.fr\/wordpresswoocommerce\/serie-de-lievres-de-fevrier-ceramique-facon-raku\/\" \/>\n<meta property=\"og:locale\" content=\"fr_FR\" \/>\n<meta property=\"og:type\" content=\"article\" \/>\n<meta property=\"og:title\" content=\"S\u00e9rie de li\u00e8vres de f\u00e9vrier en c\u00e9ramique fa\u00e7on raku. - Atelier Libre Oreille\" \/>\n<meta property=\"og:url\" content=\"https:\/\/atelier-libre-oreille.fr\/wordpresswoocommerce\/serie-de-lievres-de-fevrier-ceramique-facon-raku\/\" \/>\n<meta property=\"og:site_name\" content=\"Atelier Libre Oreille\" \/>\n<meta property=\"article:published_time\" content=\"2018-02-10T17:03:34+00:00\" \/>\n<meta property=\"article:modified_time\" content=\"2018-02-10T17:25:49+00:00\" \/>\n<meta property=\"og:image\" content=\"http:\/\/atelier-libre-oreille.fr\/wordpresswoocommerce\/wp-content\/uploads\/2018\/02\/IMG_1916_modifi\u00e9e.jpg\" \/>\n<script type=\"application\/ld+json\" class=\"yoast-schema-graph\">{\"@context\":\"https:\/\/schema.org\",\"@graph\":[{\"@type\":\"WebSite\",\"@id\":\"http:\/\/atelier-libre-oreille.fr\/wordpresswoocommerce\/#website\",\"url\":\"http:\/\/atelier-libre-oreille.fr\/wordpresswoocommerce\/\",\"name\":\"Atelier Libre Oreille\",\"description\":\"Chez Joff. Cr\\u00e9ations d&#039;objets d&#039;art c\\u00e9ramique : gr\\u00e9s, porcelaine, raku ...\",\"potentialAction\":[{\"@type\":\"SearchAction\",\"target\":{\"@type\":\"EntryPoint\",\"urlTemplate\":\"http:\/\/atelier-libre-oreille.fr\/wordpresswoocommerce\/?s={search_term_string}\"},\"query-input\":\"required name=search_term_string\"}],\"inLanguage\":\"fr-FR\"},{\"@type\":\"ImageObject\",\"@id\":\"https:\/\/atelier-libre-oreille.fr\/wordpresswoocommerce\/serie-de-lievres-de-fevrier-ceramique-facon-raku\/#primaryimage\",\"inLanguage\":\"fr-FR\",\"url\":\"http:\/\/atelier-libre-oreille.fr\/wordpresswoocommerce\/wp-content\/uploads\/2018\/02\/IMG_1916_modifi\\u00e9e.jpg\",\"contentUrl\":\"http:\/\/atelier-libre-oreille.fr\/wordpresswoocommerce\/wp-content\/uploads\/2018\/02\/IMG_1916_modifi\\u00e9e.jpg\"},{\"@type\":\"WebPage\",\"@id\":\"https:\/\/atelier-libre-oreille.fr\/wordpresswoocommerce\/serie-de-lievres-de-fevrier-ceramique-facon-raku\/#webpage\",\"url\":\"https:\/\/atelier-libre-oreille.fr\/wordpresswoocommerce\/serie-de-lievres-de-fevrier-ceramique-facon-raku\/\",\"name\":\"S\\u00e9rie de li\\u00e8vres de f\\u00e9vrier en c\\u00e9ramique fa\\u00e7on raku. - Atelier Libre Oreille\",\"isPartOf\":{\"@id\":\"http:\/\/atelier-libre-oreille.fr\/wordpresswoocommerce\/#website\"},\"primaryImageOfPage\":{\"@id\":\"https:\/\/atelier-libre-oreille.fr\/wordpresswoocommerce\/serie-de-lievres-de-fevrier-ceramique-facon-raku\/#primaryimage\"},\"datePublished\":\"2018-02-10T17:03:34+00:00\",\"dateModified\":\"2018-02-10T17:25:49+00:00\",\"author\":{\"@id\":\"http:\/\/atelier-libre-oreille.fr\/wordpresswoocommerce\/#\/schema\/person\/f8741e729b347b9121e6626d3aac7a4e\"},\"breadcrumb\":{\"@id\":\"https:\/\/atelier-libre-oreille.fr\/wordpresswoocommerce\/serie-de-lievres-de-fevrier-ceramique-facon-raku\/#breadcrumb\"},\"inLanguage\":\"fr-FR\",\"potentialAction\":[{\"@type\":\"ReadAction\",\"target\":[\"https:\/\/atelier-libre-oreille.fr\/wordpresswoocommerce\/serie-de-lievres-de-fevrier-ceramique-facon-raku\/\"]}]},{\"@type\":\"BreadcrumbList\",\"@id\":\"https:\/\/atelier-libre-oreille.fr\/wordpresswoocommerce\/serie-de-lievres-de-fevrier-ceramique-facon-raku\/#breadcrumb\",\"itemListElement\":[{\"@type\":\"ListItem\",\"position\":1,\"name\":\"Accueil\",\"item\":\"http:\/\/atelier-libre-oreille.fr\/wordpresswoocommerce\/\"},{\"@type\":\"ListItem\",\"position\":2,\"name\":\"S\\u00e9rie de li\\u00e8vres de f\\u00e9vrier en c\\u00e9ramique fa\\u00e7on raku.\"}]},{\"@type\":\"Person\",\"@id\":\"http:\/\/atelier-libre-oreille.fr\/wordpresswoocommerce\/#\/schema\/person\/f8741e729b347b9121e6626d3aac7a4e\",\"name\":\"Joff Williams\",\"image\":{\"@type\":\"ImageObject\",\"@id\":\"http:\/\/atelier-libre-oreille.fr\/wordpresswoocommerce\/#personlogo\",\"inLanguage\":\"fr-FR\",\"url\":\"https:\/\/secure.gravatar.com\/avatar\/1e38424d2d4d5ae1a73726e336477d17?s=96&d=mm&r=g\",\"contentUrl\":\"https:\/\/secure.gravatar.com\/avatar\/1e38424d2d4d5ae1a73726e336477d17?s=96&d=mm&r=g\",\"caption\":\"Joff Williams\"},\"sameAs\":[\"http:\/\/atelier-libre-oreille.fr\"],\"url\":\"https:\/\/atelier-libre-oreille.fr\/wordpresswoocommerce\/author\/joff\/\"}]}<\/script>\n<!-- \/ Yoast SEO plugin. -->","_links":{"self":[{"href":"https:\/\/atelier-libre-oreille.fr\/wordpresswoocommerce\/wp-json\/wp\/v2\/posts\/206"}],"collection":[{"href":"https:\/\/atelier-libre-oreille.fr\/wordpresswoocommerce\/wp-json\/wp\/v2\/posts"}],"about":[{"href":"https:\/\/atelier-libre-oreille.fr\/wordpresswoocommerce\/wp-json\/wp\/v2\/types\/post"}],"author":[{"embeddable":true,"href":"https:\/\/atelier-libre-oreille.fr\/wordpresswoocommerce\/wp-json\/wp\/v2\/users\/3"}],"replies":[{"embeddable":true,"href":"https:\/\/atelier-libre-oreille.fr\/wordpresswoocommerce\/wp-json\/wp\/v2\/comments?post=206"}],"version-history":[{"count":7,"href":"https:\/\/atelier-libre-oreille.fr\/wordpresswoocommerce\/wp-json\/wp\/v2\/posts\/206\/revisions"}],"predecessor-version":[{"id":219,"href":"https:\/\/atelier-libre-oreille.fr\/wordpresswoocommerce\/wp-json\/wp\/v2\/posts\/206\/revisions\/219"}],"wp:attachment":[{"href":"https:\/\/atelier-libre-oreille.fr\/wordpresswoocommerce\/wp-json\/wp\/v2\/media?parent=206"}],"wp:term":[{"taxonomy":"category","embeddable":true,"href":"https:\/\/atelier-libre-oreille.fr\/wordpresswoocommerce\/wp-json\/wp\/v2\/categories?post=206"},{"taxonomy":"post_tag","embeddable":true,"href":"https:\/\/atelier-libre-oreille.fr\/wordpresswoocommerce\/wp-json\/wp\/v2\/tags?post=206"}],"curies":[{"name":"wp","href":"https:\/\/api.w.org\/{rel}","templated":true}]}}