{"id":237,"date":"2018-11-12T20:41:53","date_gmt":"2018-11-12T19:41:53","guid":{"rendered":"http:\/\/atelier-libre-oreille.fr\/wordpresswoocommerce\/?p=237"},"modified":"2018-11-12T20:48:17","modified_gmt":"2018-11-12T19:48:17","slug":"marche-de-noel","status":"publish","type":"post","link":"https:\/\/atelier-libre-oreille.fr\/wordpresswoocommerce\/marche-de-noel\/","title":{"rendered":"March\u00e9 de No\u00ebl"},"content":{"rendered":"<h3 style=\"text-align: center;\">Dimanche 9 d\u00e9cembre \u00a0 2018<br \/>\n10hr a 17hr<br \/>\n&amp;<br \/>\nDimanche 16 d\u00e9cembre<br \/>\n11hr a 20hr<\/h3>\n<h3 style=\"text-align: center;\">Soir\u00e9e musique avec \u00ab\u00a0Les Comp\u00e8res\u00a0\u00bb<br \/>\nmusique europ\u00e9enne<\/h3>\n<h3 style=\"text-align: center;\">\u00e0 l\u2019Atelier Libre Oreille<br \/>\n87 440 Marval<\/h3>\n<h3><\/h3>\n<p><a style=\"font-family: 'Source Sans Pro', Helvetica, sans-serif; font-size: 16px; color: #ea9629; text-decoration: underline; -webkit-user-drag: none;\" href=\"http:\/\/atelier-libre-oreille.fr\/wordpresswoocommerce\/wp-content\/uploads\/2018\/11\/christmasmarketA4bis.jpg\"><img decoding=\"async\" loading=\"lazy\" class=\"wp-image-242 aligncenter\" style=\"-webkit-user-drag: none; display: inline-block; margin-bottom: -1ex;\" src=\"http:\/\/atelier-libre-oreille.fr\/wordpresswoocommerce\/wp-content\/uploads\/2018\/11\/christmasmarketA4bis-213x300.jpg\" alt=\"\" width=\"515\" height=\"726\" srcset=\"https:\/\/atelier-libre-oreille.fr\/wordpresswoocommerce\/wp-content\/uploads\/2018\/11\/christmasmarketA4bis-213x300.jpg 213w, https:\/\/atelier-libre-oreille.fr\/wordpresswoocommerce\/wp-content\/uploads\/2018\/11\/christmasmarketA4bis-768x1081.jpg 768w, https:\/\/atelier-libre-oreille.fr\/wordpresswoocommerce\/wp-content\/uploads\/2018\/11\/christmasmarketA4bis-727x1024.jpg 727w\" sizes=\"(max-width: 515px) 100vw, 515px\" \/><\/a><\/p>\n<p>Avec la participation d\u2019artisans et producteurs locaux et d\u00e9monstrations :<\/p>\n<ul>\n<li>Tournage sur Bois avec Lionel<\/li>\n<li>Travail a la Forge avec Patrick Cretenoud<\/li>\n<li>Impression de Lithophanie\u00a0\u00a0par Stephan\u00e9 \u00a0Magat<\/li>\n<li>Produits des Pommes de Gitta<\/li>\n<li>D&rsquo;autres \u00a0artisants<\/li>\n<\/ul>\n","protected":false},"excerpt":{"rendered":"<p>Dimanche 9 d\u00e9cembre \u00a0 2018 10hr a 17hr &amp; Dimanche 16 d\u00e9cembre 11hr a 20hr Soir\u00e9e musique avec \u00ab\u00a0Les Comp\u00e8res\u00a0\u00bb musique europ\u00e9enne \u00e0 l\u2019Atelier Libre Oreille 87 440 Marval Avec la participation d\u2019artisans et producteurs locaux et d\u00e9monstrations : Tournage sur Bois avec Lionel Travail a la Forge avec Patrick Cretenoud Impression de Lithophanie\u00a0\u00a0par Stephan\u00e9 &hellip; <a href=\"https:\/\/atelier-libre-oreille.fr\/wordpresswoocommerce\/marche-de-noel\/\" class=\"more-link\">Continuer la lecture de <span class=\"screen-reader-text\">March\u00e9 de No\u00ebl<\/span> <span class=\"meta-nav\">&rarr;<\/span><\/a><\/p>\n","protected":false},"author":2,"featured_media":0,"comment_status":"closed","ping_status":"closed","sticky":false,"template":"","format":"standard","meta":[],"categories":[17],"tags":[],"yoast_head":"<!-- This site is optimized with the Yoast SEO plugin v16.6.1 - https:\/\/yoast.com\/wordpress\/plugins\/seo\/ -->\n<meta name=\"robots\" content=\"index, follow, max-snippet:-1, max-image-preview:large, max-video-preview:-1\" \/>\n<link rel=\"canonical\" href=\"https:\/\/atelier-libre-oreille.fr\/wordpresswoocommerce\/marche-de-noel\/\" \/>\n<meta property=\"og:locale\" content=\"fr_FR\" \/>\n<meta property=\"og:type\" content=\"article\" \/>\n<meta property=\"og:title\" content=\"March\u00e9 de No\u00ebl - Atelier Libre Oreille\" \/>\n<meta property=\"og:description\" content=\"Dimanche 9 d\u00e9cembre \u00a0 2018 10hr a 17hr &amp; Dimanche 16 d\u00e9cembre 11hr a 20hr Soir\u00e9e musique avec \u00ab\u00a0Les Comp\u00e8res\u00a0\u00bb musique europ\u00e9enne \u00e0 l\u2019Atelier Libre Oreille 87 440 Marval Avec la participation d\u2019artisans et producteurs locaux et d\u00e9monstrations : Tournage sur Bois avec Lionel Travail a la Forge avec Patrick Cretenoud Impression de Lithophanie\u00a0\u00a0par Stephan\u00e9 &hellip; Continuer la lecture de March\u00e9 de No\u00ebl &rarr;\" \/>\n<meta property=\"og:url\" content=\"https:\/\/atelier-libre-oreille.fr\/wordpresswoocommerce\/marche-de-noel\/\" \/>\n<meta property=\"og:site_name\" content=\"Atelier Libre Oreille\" \/>\n<meta property=\"article:published_time\" content=\"2018-11-12T19:41:53+00:00\" \/>\n<meta property=\"article:modified_time\" content=\"2018-11-12T19:48:17+00:00\" \/>\n<meta property=\"og:image\" content=\"http:\/\/atelier-libre-oreille.fr\/wordpresswoocommerce\/wp-content\/uploads\/2018\/11\/christmasmarketA4bis-213x300.jpg\" \/>\n<script type=\"application\/ld+json\" class=\"yoast-schema-graph\">{\"@context\":\"https:\/\/schema.org\",\"@graph\":[{\"@type\":\"WebSite\",\"@id\":\"http:\/\/atelier-libre-oreille.fr\/wordpresswoocommerce\/#website\",\"url\":\"http:\/\/atelier-libre-oreille.fr\/wordpresswoocommerce\/\",\"name\":\"Atelier Libre Oreille\",\"description\":\"Chez Joff. Cr\\u00e9ations d&#039;objets d&#039;art c\\u00e9ramique : gr\\u00e9s, porcelaine, raku ...\",\"potentialAction\":[{\"@type\":\"SearchAction\",\"target\":{\"@type\":\"EntryPoint\",\"urlTemplate\":\"http:\/\/atelier-libre-oreille.fr\/wordpresswoocommerce\/?s={search_term_string}\"},\"query-input\":\"required name=search_term_string\"}],\"inLanguage\":\"fr-FR\"},{\"@type\":\"ImageObject\",\"@id\":\"https:\/\/atelier-libre-oreille.fr\/wordpresswoocommerce\/marche-de-noel\/#primaryimage\",\"inLanguage\":\"fr-FR\",\"url\":\"http:\/\/atelier-libre-oreille.fr\/wordpresswoocommerce\/wp-content\/uploads\/2018\/11\/christmasmarketA4bis-213x300.jpg\",\"contentUrl\":\"http:\/\/atelier-libre-oreille.fr\/wordpresswoocommerce\/wp-content\/uploads\/2018\/11\/christmasmarketA4bis-213x300.jpg\"},{\"@type\":\"WebPage\",\"@id\":\"https:\/\/atelier-libre-oreille.fr\/wordpresswoocommerce\/marche-de-noel\/#webpage\",\"url\":\"https:\/\/atelier-libre-oreille.fr\/wordpresswoocommerce\/marche-de-noel\/\",\"name\":\"March\\u00e9 de No\\u00ebl - Atelier Libre Oreille\",\"isPartOf\":{\"@id\":\"http:\/\/atelier-libre-oreille.fr\/wordpresswoocommerce\/#website\"},\"primaryImageOfPage\":{\"@id\":\"https:\/\/atelier-libre-oreille.fr\/wordpresswoocommerce\/marche-de-noel\/#primaryimage\"},\"datePublished\":\"2018-11-12T19:41:53+00:00\",\"dateModified\":\"2018-11-12T19:48:17+00:00\",\"author\":{\"@id\":\"http:\/\/atelier-libre-oreille.fr\/wordpresswoocommerce\/#\/schema\/person\/3517f76db52819edff741be8451fd13f\"},\"breadcrumb\":{\"@id\":\"https:\/\/atelier-libre-oreille.fr\/wordpresswoocommerce\/marche-de-noel\/#breadcrumb\"},\"inLanguage\":\"fr-FR\",\"potentialAction\":[{\"@type\":\"ReadAction\",\"target\":[\"https:\/\/atelier-libre-oreille.fr\/wordpresswoocommerce\/marche-de-noel\/\"]}]},{\"@type\":\"BreadcrumbList\",\"@id\":\"https:\/\/atelier-libre-oreille.fr\/wordpresswoocommerce\/marche-de-noel\/#breadcrumb\",\"itemListElement\":[{\"@type\":\"ListItem\",\"position\":1,\"name\":\"Accueil\",\"item\":\"http:\/\/atelier-libre-oreille.fr\/wordpresswoocommerce\/\"},{\"@type\":\"ListItem\",\"position\":2,\"name\":\"March\\u00e9 de No\\u00ebl\"}]},{\"@type\":\"Person\",\"@id\":\"http:\/\/atelier-libre-oreille.fr\/wordpresswoocommerce\/#\/schema\/person\/3517f76db52819edff741be8451fd13f\",\"name\":\"St\\u00e9phane Magat\",\"image\":{\"@type\":\"ImageObject\",\"@id\":\"http:\/\/atelier-libre-oreille.fr\/wordpresswoocommerce\/#personlogo\",\"inLanguage\":\"fr-FR\",\"url\":\"https:\/\/secure.gravatar.com\/avatar\/585aff1e7398f4c090b8958dd60e086b?s=96&d=mm&r=g\",\"contentUrl\":\"https:\/\/secure.gravatar.com\/avatar\/585aff1e7398f4c090b8958dd60e086b?s=96&d=mm&r=g\",\"caption\":\"St\\u00e9phane Magat\"},\"sameAs\":[\"http:\/\/magat.net\"],\"url\":\"https:\/\/atelier-libre-oreille.fr\/wordpresswoocommerce\/author\/magatst\/\"}]}<\/script>\n<!-- \/ Yoast SEO plugin. -->","_links":{"self":[{"href":"https:\/\/atelier-libre-oreille.fr\/wordpresswoocommerce\/wp-json\/wp\/v2\/posts\/237"}],"collection":[{"href":"https:\/\/atelier-libre-oreille.fr\/wordpresswoocommerce\/wp-json\/wp\/v2\/posts"}],"about":[{"href":"https:\/\/atelier-libre-oreille.fr\/wordpresswoocommerce\/wp-json\/wp\/v2\/types\/post"}],"author":[{"embeddable":true,"href":"https:\/\/atelier-libre-oreille.fr\/wordpresswoocommerce\/wp-json\/wp\/v2\/users\/2"}],"replies":[{"embeddable":true,"href":"https:\/\/atelier-libre-oreille.fr\/wordpresswoocommerce\/wp-json\/wp\/v2\/comments?post=237"}],"version-history":[{"count":9,"href":"https:\/\/atelier-libre-oreille.fr\/wordpresswoocommerce\/wp-json\/wp\/v2\/posts\/237\/revisions"}],"predecessor-version":[{"id":249,"href":"https:\/\/atelier-libre-oreille.fr\/wordpresswoocommerce\/wp-json\/wp\/v2\/posts\/237\/revisions\/249"}],"wp:attachment":[{"href":"https:\/\/atelier-libre-oreille.fr\/wordpresswoocommerce\/wp-json\/wp\/v2\/media?parent=237"}],"wp:term":[{"taxonomy":"category","embeddable":true,"href":"https:\/\/atelier-libre-oreille.fr\/wordpresswoocommerce\/wp-json\/wp\/v2\/categories?post=237"},{"taxonomy":"post_tag","embeddable":true,"href":"https:\/\/atelier-libre-oreille.fr\/wordpresswoocommerce\/wp-json\/wp\/v2\/tags?post=237"}],"curies":[{"name":"wp","href":"https:\/\/api.w.org\/{rel}","templated":true}]}}